[{"@context":"https:\/\/schema.org\/","@type":"Article","@id":"https:\/\/www.demus.cz\/auto-a-epilepsie\/#Article","mainEntityOfPage":"https:\/\/www.demus.cz\/auto-a-epilepsie\/","headline":"Auto a epilepsie","name":"Auto a epilepsie","description":"Automobil m\u00e1 v dne\u0161n\u00ed dob\u011b \u00fapln\u011b ka\u017ed\u00fd. Nebo ne? Samoz\u0159ejm\u011b, \u017ee jsou lid\u00e9, kte\u0159\u00ed nemaj\u00ed automobil, proto\u017ee ho necht\u011bj\u00ed anebo jsou t\u0159eba zdravotn\u011b nezp\u016fsobil\u00ed. Jednodu\u0161e [&hellip;]","datePublished":"2023-11-17","dateModified":"2023-11-17","author":{"@type":"Person","@id":"https:\/\/www.demus.cz\/author\/#Person","name":"","url":"https:\/\/www.demus.cz\/author\/","identifier":1,"image":{"@type":"ImageObject","@id":"https:\/\/secure.gravatar.com\/avatar\/f2ab007ed309e3d84abcf4139c5580b2bc94c721f9294eeb027f25de56e0a35e?s=96&d=mm&r=g","url":"https:\/\/secure.gravatar.com\/avatar\/f2ab007ed309e3d84abcf4139c5580b2bc94c721f9294eeb027f25de56e0a35e?s=96&d=mm&r=g","height":96,"width":96}},"publisher":{"@type":"Organization","name":"demus.cz","logo":{"@type":"ImageObject","@id":"\/logo.png","url":"\/logo.png","width":600,"height":60}},"image":{"@type":"ImageObject","@id":"https:\/\/www.demus.cz\/wp-content\/uploads\/automobile-8078415_960_720_1.jpg","url":"https:\/\/www.demus.cz\/wp-content\/uploads\/automobile-8078415_960_720_1.jpg","height":0,"width":0},"url":"https:\/\/www.demus.cz\/auto-a-epilepsie\/","about":["Auto"],"wordCount":448,"articleBody":"Automobil m\u00e1 v dne\u0161n\u00ed dob\u011b \u00fapln\u011b ka\u017ed\u00fd. Nebo ne? Samoz\u0159ejm\u011b, \u017ee jsou lid\u00e9, kte\u0159\u00ed nemaj\u00ed automobil, proto\u017ee ho necht\u011bj\u00ed anebo jsou t\u0159eba zdravotn\u011b nezp\u016fsobil\u00ed. Jednodu\u0161e nemohou \u0159\u00eddit. A\u00a0mezi zdravotn\u00ed nezp\u016fsobilost se \u0159ad\u00ed nap\u0159\u00edklad opravdu \u0161patn\u00fd zrak anebo tak\u00e9 r\u016fzn\u00e9 epileptick\u00e9 z\u00e1chvaty. Tohle pr\u00e1v\u011b m\u011bla moje kamar\u00e1dka. Moje kamar\u00e1dka m\u011bla opravdu siln\u00e9 dioptrie a potom tak\u00e9 m\u011bla epileptick\u00e9 z\u00e1chvaty, ale p\u0159esto si ud\u011blala \u0159idi\u010dsk\u00e9 opr\u00e1vn\u011bn\u00ed. J\u00e1 pr\u00e1v\u011b absolutn\u011b nech\u00e1pu, jak ji mohl jej\u00ed praktick\u00fd l\u00e9ka\u0159 dovolit si ud\u011blat \u0159idi\u010dsk\u00e9 opr\u00e1vn\u011bn\u00ed. Moje kamar\u00e1dka dala zbyte\u010dn\u011b za \u0159idi\u010d\u00e1k patn\u00e1ct tis\u00edc\u00a0korun a potom j\u00ed ho po p\u016fl roce vzali, proto\u017ee pan\u00ed neurolo\u017eka dala v\u011bd\u011bt, \u017ee m\u00e1 epileptick\u00e9 z\u00e1chvaty, tak\u017ee potom z \u00fa\u0159adu j\u00ed p\u0159i\u0161el dopis, \u017ee mus\u00ed odevzdat \u0159idi\u010dsk\u00e9 opr\u00e1vn\u011bn\u00ed z d\u016fvodu zdravotn\u00ed nezp\u016fsobilosti. Ani nev\u00edte, jak moje kamar\u00e1dka nad\u00e1vala a jak byla opravdu hodn\u011b na\u0161tvan\u00e1.\u00a0J\u00e1 v\u00edm, \u017ee kamar\u00e1dka si m\u011bla zjistit d\u0159\u00edve, \u017ee jako epilepti\u010dka nem\u016f\u017ee m\u00edt \u0159idi\u010dsk\u00e9 opr\u00e1vn\u011bn\u00ed, nav\u00edc ani nebyla na o\u010dn\u00ed a neptala se, jestli p\u0159es svoji zrakovou vadu m\u016f\u017ee m\u00edt \u0159idi\u010dsk\u00e9 opr\u00e1vn\u011bn\u00ed. Bylo to docela smutn\u00e9. J\u00e1\u00a0jsem si \u0159\u00edkala, \u017ee kdybych tohle za\u017e\u00edvala j\u00e1, tak bych si ur\u010dit\u011b st\u011b\u017eovala. St\u011b\u017eovala bych si na l\u00e9ka\u0159e, pro\u010d on mi nechal dovolit si ud\u011blat \u0159idi\u010dsk\u00e9 opr\u00e1vn\u011bn\u00ed, kdy\u017e potom mi\u00a0stejn\u011b\u00a0\u0159idi\u010d\u00e1k vezmou.\u00a0Ano, i tak mi to bylo divn\u00e9, \u017ee moje kamar\u00e1dka, kter\u00e1 je epilepti\u010dka, tak mohla m\u00edt \u0159idi\u010dsk\u00e9 opr\u00e1vn\u011bn\u00ed.Jenom\u017ee jsem rad\u011bji byla ticho, abych kamar\u00e1dku n\u011bjak nena\u0161tvala nebo t\u0159eba abych ji neodradila. Ale nyn\u00ed toho lituji. Lituji toho zp\u011btn\u011b, proto\u017ee jsem tohle kamar\u00e1dce m\u011bla \u0159\u00edct. M\u011bla jsem j\u00ed \u0159\u00edct, a\u0165 se\u00a0n\u011bkoho zept\u00e1 a a\u0165 si ov\u011b\u0159\u00ed, jestli ona jako epilepti\u010dka m\u016f\u017ee m\u00edt i \u0159idi\u010dsk\u00e9 opr\u00e1vn\u011bn\u00ed, i kdy\u017e logicky to to zn\u00ed absolutn\u011b jasn\u011b, \u017ee kdy\u017e m\u00e1 n\u011bkdo epileptick\u00e9 z\u00e1chvaty, tak by v\u016fbec nem\u011bl \u0159\u00eddit ani kolo a nato\u017e automobil. Vezm\u011bte si, kdybyste t\u0159eba automobilem jeli n\u011bkde kolem p\u0159echodu, potom byste\u00a0dostali epileptick\u00fd z\u00e1chvat a srazili t\u0159eba lidi na p\u0159echodu. \u0158eknu v\u00e1m, \u017ee tohle bych si j\u00e1 vy\u010d\u00edtala opravdu do konce \u017eivota.\u00a0                                                                                                                                                                                                                                                                                                                                                                                        3.7\/5 - (6 votes)        "},{"@context":"https:\/\/schema.org\/","@type":"BreadcrumbList","itemListElement":[{"@type":"ListItem","position":1,"name":"Auto a epilepsie","item":"https:\/\/www.demus.cz\/auto-a-epilepsie\/#breadcrumbitem"}]}]