[{"@context":"https:\/\/schema.org\/","@type":"Article","@id":"https:\/\/www.demus.cz\/jak-byt-in-i-v-mrazivem-pocasi\/#Article","mainEntityOfPage":"https:\/\/www.demus.cz\/jak-byt-in-i-v-mrazivem-pocasi\/","headline":"Jak b\u00fdt in i v mraziv\u00e9m po\u010das\u00ed","name":"Jak b\u00fdt in i v mraziv\u00e9m po\u010das\u00ed","description":"Snad ka\u017ed\u00e1 z \u017een dob\u0159e zn\u00e1 onen pocit zoufalstv\u00ed p\u0159ed \u0161atn\u00ed sk\u0159\u00edn\u00ed, kdy r\u00e1no nev\u00ed co na sebe, sp\u011bch\u00e1 a venku vl\u00e1dne mraziv\u00e9 po\u010das\u00ed. Existuj\u00ed [&hellip;]","datePublished":"2025-05-14","dateModified":"2025-05-14","author":{"@type":"Person","@id":"https:\/\/www.demus.cz\/author\/#Person","name":"","url":"https:\/\/www.demus.cz\/author\/","identifier":1,"image":{"@type":"ImageObject","@id":"https:\/\/secure.gravatar.com\/avatar\/f2ab007ed309e3d84abcf4139c5580b2bc94c721f9294eeb027f25de56e0a35e?s=96&d=mm&r=g","url":"https:\/\/secure.gravatar.com\/avatar\/f2ab007ed309e3d84abcf4139c5580b2bc94c721f9294eeb027f25de56e0a35e?s=96&d=mm&r=g","height":96,"width":96}},"publisher":{"@type":"Organization","name":"demus.cz","logo":{"@type":"ImageObject","@id":"\/logo.png","url":"\/logo.png","width":600,"height":60}},"url":"https:\/\/www.demus.cz\/jak-byt-in-i-v-mrazivem-pocasi\/","wordCount":441,"articleBody":"Snad ka\u017ed\u00e1 z \u017een dob\u0159e zn\u00e1 onen pocit zoufalstv\u00ed p\u0159ed \u0161atn\u00ed sk\u0159\u00edn\u00ed, kdy r\u00e1no nev\u00ed co na sebe, sp\u011bch\u00e1 a venku vl\u00e1dne mraziv\u00e9 po\u010das\u00ed. Existuj\u00ed jen dv\u011b mo\u017enosti. Vypadat skv\u011ble a klepat se zimou nebo se teple obl\u00e9knout. Co takhle tyto dv\u011b mo\u017enosti skloubit?\tVesta s\u00a0um\u011blou ko\u017ee\u0161inouNahra\u010fte star\u00fd vytahan\u00fd svetr vestou z\u00a0um\u011bl\u00e9 ko\u017ee\u0161iny. Zah\u0159eje v\u00e1s toti\u017e stejn\u011b dob\u0159e, ale v\u00e1\u0161 outfit bude nav\u00edc elegantn\u011bj\u0161\u00ed, \u017eiv\u011bj\u0161\u00ed a zaj\u00edmav\u011bj\u0161\u00ed. Zvolit m\u016f\u017eete krat\u0161\u00ed \u010di del\u0161\u00ed st\u0159ihy v\u00a0r\u016fzn\u00fdch barevn\u00fdch odst\u00ednech a vzorech.\tV\u00e1lenkyTo chce klid a nohy v\u00a0teple! Toto po\u0159ekadlo plat\u00ed u zimn\u00ed obuvi dvojn\u00e1sob. V\u00a0zimn\u00edch m\u011bs\u00edc\u00edch se vyplat\u00ed poohl\u00e9dnout se po kvalitn\u00ed a vyteplen\u00e9 obuvi s ko\u017e\u00ed\u0161kem. Pohodln\u00e9 a m\u011bkou\u010dk\u00e9 boty bez zip\u016f a tkani\u010dek? Ano, to jsou ty prav\u00e9 boty na zimu. V\u00e1lenky si obl\u00edbily \u017eeny po cel\u00e9m sv\u011bt\u011b. K\u00a0dost\u00e1n\u00ed jsou hned v\u00a0n\u011bkolika barv\u00e1ch, s\u00a0ornamenty, knofl\u00edky ale tak\u00e9 flitry. Nemus\u00edte se tak ob\u00e1vat, \u017ee s\u00a0v\u00e1lenkami bude v\u00e1\u0161 outfit nudn\u00fd.\tP\u00e9\u0159ov\u00e1 bundaNic v\u00e1s v\u00a0zim\u011b nezah\u0159eje l\u00e9pe ne\u017e kvalitn\u00ed p\u00e9\u0159ov\u00e1 bunda. Zde se nemus\u00edte b\u00e1t barev ani leskl\u00fdch materi\u00e1l\u016f. Vyb\u00edrat m\u016f\u017eete z\u00a0elegantn\u011bj\u0161\u00edch, sportovn\u00edch, krat\u0161\u00edch \u010di del\u0161\u00edch st\u0159ih\u016f. Na sv\u00e9 si tedy p\u0159ijde ka\u017ed\u00e1 z\u00a0n\u00e1s. Z\u00e1rove\u0148 je pak tyto bundy jednoduch\u00e9 kombinovat se zbytkem outfitu. Pokud\u00a0 si nav\u00edc po\u0159\u00edd\u00edte bundu s\u00a0ko\u017e\u00ed\u0161kem na kapuci, bude v\u00e1s kolem krku p\u0159\u00edjemn\u011b zah\u0159\u00edvat a dod\u00e1 bund\u011b ten spr\u00e1vn\u00fd \u0161mrnc.\tDlouh\u00fd kab\u00e1tDlouh\u00e9 kab\u00e1ty jsou letos op\u011bt bombou. Obl\u00edben\u00e9 jsou i u \u0159ady celebrit, kter\u00e9 d\u00edky nim na ulic\u00edch poutaj\u00ed pozornost. V\u00a0mraziv\u00e9m po\u010das\u00ed n\u00e1s dok\u00e1\u017eou dokonale zah\u0159\u00e1t a\u017e po kotn\u00edky. Nezapom\u00ednejte v\u0161ak na to, \u017ee takov\u00e9 kab\u00e1ty slu\u0161\u00ed sp\u00ed\u0161e vy\u0161\u0161\u00edm \u017een\u00e1m. Ty, kter\u00e9 jsou ni\u017e\u0161\u00edho vzr\u016fstu, by m\u011bly volit krat\u0161\u00ed kab\u00e1ty.Pokud tyto kousky je\u0161t\u011b nena\u0161ly m\u00edsto ve va\u0161em \u0161atn\u00edku, rozhodn\u011b nev\u00e1hejte. Usnadn\u00ed v\u00e1m p\u0159e\u010dkat zimn\u00ed m\u011bs\u00edce se \u0161armem a v\u00a0teple. Nezapom\u00ednejte tak\u00e9 na elegantn\u00ed \u0161\u00e1ly, \u010depice a rukavi\u010dky. Takto od\u011bn\u00e9 v\u00e1s mraziv\u00e9 po\u010das\u00ed nevyvede z\u00a0m\u00edry.\u00a0                                                                                                                                                                                                                                                                                                                                                                                        4\/5 - (6 votes)        "},{"@context":"https:\/\/schema.org\/","@type":"BreadcrumbList","itemListElement":[{"@type":"ListItem","position":1,"name":"Jak b\u00fdt in i v mraziv\u00e9m po\u010das\u00ed","item":"https:\/\/www.demus.cz\/jak-byt-in-i-v-mrazivem-pocasi\/#breadcrumbitem"}]}]