[{"@context":"https:\/\/schema.org\/","@type":"Article","@id":"https:\/\/www.demus.cz\/je-mozny-dlouhodoby-pronajem-skladu\/#Article","mainEntityOfPage":"https:\/\/www.demus.cz\/je-mozny-dlouhodoby-pronajem-skladu\/","headline":"Je mo\u017en\u00fd dlouhodob\u00fd pron\u00e1jem skladu?","name":"Je mo\u017en\u00fd dlouhodob\u00fd pron\u00e1jem skladu?","description":"Pokud chceme prod\u00e1vat prakticky cokoliv, pot\u0159ebujeme m\u00edsto, kde budeme sv\u00e9 zbo\u017e\u00ed p\u0159ed kone\u010dn\u00fdm prodejem z\u00e1kazn\u00edkovi skladovat. To nemus\u00ed b\u00fdt v\u0161ak tak jednoduch\u00e9, kdy\u017e vezmeme v [&hellip;]","datePublished":"2022-09-13","dateModified":"2023-05-03","author":{"@type":"Person","@id":"https:\/\/www.demus.cz\/author\/#Person","name":"","url":"https:\/\/www.demus.cz\/author\/","identifier":1,"image":{"@type":"ImageObject","@id":"https:\/\/secure.gravatar.com\/avatar\/f2ab007ed309e3d84abcf4139c5580b2bc94c721f9294eeb027f25de56e0a35e?s=96&d=mm&r=g","url":"https:\/\/secure.gravatar.com\/avatar\/f2ab007ed309e3d84abcf4139c5580b2bc94c721f9294eeb027f25de56e0a35e?s=96&d=mm&r=g","height":96,"width":96}},"publisher":{"@type":"Organization","name":"demus.cz","logo":{"@type":"ImageObject","@id":"\/logo.png","url":"\/logo.png","width":600,"height":60}},"image":{"@type":"ImageObject","@id":"https:\/\/www.demus.cz\/wp-content\/uploads\/sklad1_2.jpg","url":"https:\/\/www.demus.cz\/wp-content\/uploads\/sklad1_2.jpg","height":0,"width":0},"url":"https:\/\/www.demus.cz\/je-mozny-dlouhodoby-pronajem-skladu\/","about":["N\u00e1kupy"],"wordCount":436,"articleBody":"   Pokud chceme prod\u00e1vat prakticky cokoliv, pot\u0159ebujeme m\u00edsto, kde budeme sv\u00e9 zbo\u017e\u00ed p\u0159ed kone\u010dn\u00fdm prodejem z\u00e1kazn\u00edkovi skladovat. To nemus\u00ed b\u00fdt v\u0161ak tak jednoduch\u00e9, kdy\u017e vezmeme v \u00favahu, \u017ee mnoho produkt\u016f pot\u0159ebuje speci\u00e1ln\u00ed podm\u00ednky, aby si zachovaly sv\u00e9 vlastnosti. Nen\u00ed tedy divu, \u017ee existuj\u00ed nejr\u016fzn\u011bj\u0161\u00ed sklady a skladi\u0161t\u011b, kam si m\u016f\u017ee obchodn\u00edk sv\u00e9 produkty ulo\u017eit, ne\u017e je bude nutn\u00e9 p\u0159ev\u00e9zt na prodejnu, p\u0159\u00edpadn\u011b ne\u017e je odprod\u00e1. Zde v\u0161ak nast\u00e1v\u00e1 probl\u00e9m, a to jak\u00fdm zp\u016fsobem si tyto prostory opat\u0159it. Tou asi nejsamoz\u0159ejm\u011bj\u0161\u00ed mo\u017enost\u00ed je koup\u011b. Zde je v\u00fdhodou, \u017ee dan\u00e9 prostory m\u016f\u017eeme vyu\u017e\u00edvat p\u0159esn\u011b tak, jak pot\u0159ebujeme, a v p\u0159\u00edpad\u011b nutnosti je upravit. Nav\u00edc nemus\u00edme platit n\u00e1jem a m\u016f\u017eeme zde m\u00edt prakticky cokoliv.Na druhou stranu je pot\u0159eba uv\u00e1\u017eit, \u017ee ceny nemovitost\u00ed jsou velmi vysok\u00e9. To tak\u00e9 znamen\u00e1, \u017ee se bude jednat o velk\u00fd z\u00e1sah do rozpo\u010dtu, mo\u017en\u00e1 v\u011bt\u0161\u00ed, ne\u017e si zvl\u00e1\u0161t\u011b men\u0161\u00ed firmy mohou dovolit. Nav\u00edc mnohdy zvl\u00e1\u0161t\u011b firmy nemaj\u00ed takovou produkci, aby najednou naplnila by\u0165 i men\u0161\u00ed sklad. Co tedy v takov\u00e9m p\u0159\u00edpad\u011b d\u011blat? Jednou z mo\u017enost\u00ed je pron\u00e1jem skladu nebo jeho \u010d\u00e1sti. Jednodu\u0161e \u0159e\u010deno, zaplat\u00edme n\u011bkomu, kdo ji\u017e sklad vlastn\u00ed za to, \u017ee zde budeme moci m\u00edt uskladn\u011bn\u00e9 sv\u00e9 v\u00fdrobky, ne\u017e pocestuj\u00ed na prodejnu nebo k z\u00e1kazn\u00edkovi.V\u00fdhodou je, \u017ee se nemus\u00edme o onu nemovitost nijak starat. Pokud se zde n\u011bco po\u0161kod\u00ed, je na majiteli, aby zjednal n\u00e1pravu. Samoz\u0159ejm\u011b, pokud jsme ono po\u0161kozen\u00ed zp\u016fsobili my, m\u016f\u017ee po n\u00e1s (opr\u00e1vn\u011bn\u011b) cht\u00edt \u00fahradu n\u00e1klad\u016f, av\u0161ak v\u0161e bude za\u0159izovat on. D\u00e1le to tak\u00e9 znamen\u00e1, \u017ee pokud n\u00e1m p\u0159estane onen sklad vyhovovat, p\u0159\u00edpadn\u011b pokud s podnik\u00e1n\u00edm skon\u010d\u00edme, jednodu\u0161e ukon\u010d\u00edme smlouvu. Nemus\u00edme se starat o to, co bude se skladem d\u00e1l. To znamen\u00e1 o starost m\u00e9n\u011b.Ov\u0161em v\u0161echno samoz\u0159ejm\u011b tak r\u016f\u017eov\u00e9 nen\u00ed. P\u0159edn\u011b zde nem\u016f\u017eeme nic m\u011bnit, i kdyby to bylo k dobru v\u011bci. Tak\u00e9 mus\u00edme pravideln\u011b platit ur\u010ditou \u010d\u00e1stku, co\u017e je tak\u00e9 n\u00e1por na rozpo\u010det. Je tedy dobr\u00e9 nechat si vypracovat anal\u00fdzu, kter\u00e1 n\u00e1m \u0159ekne, kter\u00e1 varianta je pro n\u00e1s vhodn\u011bj\u0161\u00ed. Tak ud\u011bl\u00e1me spr\u00e1vn\u00e9 rozhodnut\u00ed.                                                                                                                                                                                                                                                                                                                                                                                          3.7\/5 - (10 votes)        "},{"@context":"https:\/\/schema.org\/","@type":"BreadcrumbList","itemListElement":[{"@type":"ListItem","position":1,"name":"Je mo\u017en\u00fd dlouhodob\u00fd pron\u00e1jem skladu?","item":"https:\/\/www.demus.cz\/je-mozny-dlouhodoby-pronajem-skladu\/#breadcrumbitem"}]}]