[{"@context":"https:\/\/schema.org\/","@type":"Article","@id":"https:\/\/www.demus.cz\/kam-se-hodi-okrasne-pletivo\/#Article","mainEntityOfPage":"https:\/\/www.demus.cz\/kam-se-hodi-okrasne-pletivo\/","headline":"Kam se hod\u00ed okrasn\u00e9 pletivo","name":"Kam se hod\u00ed okrasn\u00e9 pletivo","description":"Jedn\u00edm z nejb\u011b\u017en\u011bj\u0161\u00edch ochrann\u00fdch opat\u0159en\u00ed pozemku je bezesporu plot. Ten m\u016f\u017ee b\u00fdt z r\u016fzn\u00fdch materi\u00e1l\u016f, av\u0161ak v dne\u0161n\u00ed dob\u011b mnohdy vyhr\u00e1v\u00e1 pletivo, p\u0159edev\u0161\u00edm pro svou [&hellip;]","datePublished":"2025-07-11","dateModified":"2025-07-11","author":{"@type":"Person","@id":"https:\/\/www.demus.cz\/author\/#Person","name":"","url":"https:\/\/www.demus.cz\/author\/","identifier":1,"image":{"@type":"ImageObject","@id":"https:\/\/secure.gravatar.com\/avatar\/f2ab007ed309e3d84abcf4139c5580b2bc94c721f9294eeb027f25de56e0a35e?s=96&d=mm&r=g","url":"https:\/\/secure.gravatar.com\/avatar\/f2ab007ed309e3d84abcf4139c5580b2bc94c721f9294eeb027f25de56e0a35e?s=96&d=mm&r=g","height":96,"width":96}},"publisher":{"@type":"Organization","name":"demus.cz","logo":{"@type":"ImageObject","@id":"\/logo.png","url":"\/logo.png","width":600,"height":60}},"image":{"@type":"ImageObject","@id":"https:\/\/www.demus.cz\/wp-content\/uploads\/plot2_3.jpg","url":"https:\/\/www.demus.cz\/wp-content\/uploads\/plot2_3.jpg","height":0,"width":0},"url":"https:\/\/www.demus.cz\/kam-se-hodi-okrasne-pletivo\/","about":["N\u00e1kupy"],"wordCount":428,"articleBody":"      Jedn\u00edm z nejb\u011b\u017en\u011bj\u0161\u00edch ochrann\u00fdch opat\u0159en\u00ed pozemku je bezesporu plot. Ten m\u016f\u017ee b\u00fdt z r\u016fzn\u00fdch materi\u00e1l\u016f, av\u0161ak v dne\u0161n\u00ed dob\u011b mnohdy vyhr\u00e1v\u00e1 pletivo, p\u0159edev\u0161\u00edm pro svou n\u00edzkou cenu a jednoduchost mont\u00e1\u017ee. Je tedy jen pochopiteln\u00e9, \u017ee si toho v\u0161imli i v\u00fdrobci a za\u010dali vyr\u00e1b\u011bt st\u00e1le v\u00edce nejr\u016fzn\u011bj\u0161\u00edch druh\u016f, li\u0161\u00edc\u00edch se jak materi\u00e1lem, tak i zpracov\u00e1n\u00edm, a samoz\u0159ejm\u011b v neposledn\u00ed \u0159ad\u011b i vzhledem. Jedn\u00edm z nich je okrasn\u00e9 pletivo. To se od toho klasick\u00e9ho li\u0161\u00ed t\u00edm, \u017ee m\u00e1 mnohem p\u011bkn\u011bj\u0161\u00ed vzory, ne\u017e jak\u00e9 najdeme jinde. Pokud se pak spr\u00e1vn\u011b pou\u017eije, m\u016f\u017ee se st\u00e1t ozdobou na\u0161\u00ed zahrady a zna\u010dn\u011b vylep\u0161it jej\u00ed vzhled. Nen\u00ed tedy divu, \u017ee je mezi lidmi hodn\u011b obl\u00edben\u00fd. Bohu\u017eel v\u011bt\u0161ina lid\u00ed si neuv\u011bdomuje, jak jej spr\u00e1vn\u011b pou\u017e\u00edt.Mus\u00edme si toti\u017e uv\u011bdomit, \u017ee tento typ pletiva je vyroben pro okrasu, nikoliv pro ochranu. To znamen\u00e1, \u017ee jej bude mo\u017en\u00e9 pom\u011brn\u011b snadno p\u0159ekonat. Nelze tedy o\u010dek\u00e1vat, \u017ee n\u011bjak\u00fdm v\u00fdrazn\u011bj\u0161\u00edm zp\u016fsobem odrad\u00ed zlod\u011bje. \u010casto nav\u00edc b\u00fdv\u00e1 n\u00edzk\u00e9, co\u017e cel\u00e9 v\u011bci je\u0161t\u011b p\u0159id\u00e1v\u00e1. Pokud n\u00e1m tedy jde o ochranu majetku, pak toto nen\u00ed ten nejvhodn\u011bj\u0161\u00ed typ, kter\u00fd bychom mohli pou\u017e\u00edt. I to je d\u016fvod, pro\u010d jej mnoz\u00ed pou\u017e\u00edvaj\u00ed sp\u00ed\u0161e na dopln\u011bn\u00ed uvnit\u0159 zahrady, nap\u0159\u00edklad na jej\u00ed rozd\u011blen\u00ed na jednotliv\u00e9 \u010d\u00e1sti. Typick\u00fdm p\u0159\u00edkladem m\u016f\u017ee b\u00fdt ohrazen\u00ed z\u00e1hon\u016f t\u00edmto zp\u016fsobem, aby po nich nap\u0159\u00edklad neb\u011bhal n\u00e1\u0161 pes. A to je samoz\u0159ejm\u011b validn\u00ed d\u016fvod. Jen je pot\u0159eba si uv\u011bdomit, \u017ee se na z\u00e1hon budeme muset dostat i my, a \u017ee nap\u0159\u00edklad plet\u00ed \u010di okop\u00e1v\u00e1n\u00ed, zvl\u00e1\u0161t\u011b na okraj\u00edch, p\u016fjde mnohem h\u016f\u0159e. Je tedy jasn\u00e9, \u017ee z\u00e1le\u017e\u00ed na tom, jak jej pou\u017eijeme. Pamatujme, \u017ee se jedn\u00e1 o ozdobu, nic v\u00edc, nic m\u00ed\u0148. A jako k takov\u00e9 bychom k n\u011bmu m\u011bli p\u0159istupovat, a podle toho jej tak\u00e9 pou\u017e\u00edvat. Pokud se n\u00e1m to poda\u0159\u00ed, bude na\u0161e zahrada vypadat je\u0161t\u011b l\u00e9pe, ne\u017e p\u0159edt\u00edm \u2013 a to je c\u00edl, kter\u00e9ho cht\u011bj\u00ed dos\u00e1hnout asi v\u0161ichni, kdo n\u011bjakou zahradu maj\u00ed.                                                                                                                                                                                                                                                                                                                                                                                          3.9\/5 - (7 votes)        "},{"@context":"https:\/\/schema.org\/","@type":"BreadcrumbList","itemListElement":[{"@type":"ListItem","position":1,"name":"Kam se hod\u00ed okrasn\u00e9 pletivo","item":"https:\/\/www.demus.cz\/kam-se-hodi-okrasne-pletivo\/#breadcrumbitem"}]}]