[{"@context":"https:\/\/schema.org\/","@type":"Article","@id":"https:\/\/www.demus.cz\/lyzovacka-jak-se-patri\/#Article","mainEntityOfPage":"https:\/\/www.demus.cz\/lyzovacka-jak-se-patri\/","headline":"Ly\u017eova\u010dka jak se pat\u0159\u00ed!","name":"Ly\u017eova\u010dka jak se pat\u0159\u00ed!","description":"\u017dijeme v m\u00edrn\u00e9m p\u00e1se, st\u0159\u00edd\u00e1 se n\u00e1m tady tedy ro\u010dn\u00ed obdob\u00ed. To v\u0161ichni v\u00edme, je to prvn\u00ed v\u011bc, kterou se u\u010d\u00edme v zem\u011bpise. Av\u0161ak v\u0161ichni [&hellip;]","datePublished":"2022-12-11","dateModified":"2023-05-03","author":{"@type":"Person","@id":"https:\/\/www.demus.cz\/author\/#Person","name":"","url":"https:\/\/www.demus.cz\/author\/","identifier":1,"image":{"@type":"ImageObject","@id":"https:\/\/secure.gravatar.com\/avatar\/f2ab007ed309e3d84abcf4139c5580b2bc94c721f9294eeb027f25de56e0a35e?s=96&d=mm&r=g","url":"https:\/\/secure.gravatar.com\/avatar\/f2ab007ed309e3d84abcf4139c5580b2bc94c721f9294eeb027f25de56e0a35e?s=96&d=mm&r=g","height":96,"width":96}},"publisher":{"@type":"Organization","name":"demus.cz","logo":{"@type":"ImageObject","@id":"\/logo.png","url":"\/logo.png","width":600,"height":60}},"image":{"@type":"ImageObject","@id":"https:\/\/www.demus.cz\/wp-content\/uploads\/man-gf95b13241_640.jpg","url":"https:\/\/www.demus.cz\/wp-content\/uploads\/man-gf95b13241_640.jpg","height":0,"width":0},"url":"https:\/\/www.demus.cz\/lyzovacka-jak-se-patri\/","about":["Byznys"],"wordCount":459,"articleBody":"        \u017dijeme v m\u00edrn\u00e9m p\u00e1se, st\u0159\u00edd\u00e1 se n\u00e1m tady tedy ro\u010dn\u00ed obdob\u00ed. To v\u0161ichni v\u00edme, je to prvn\u00ed v\u011bc, kterou se u\u010d\u00edme v zem\u011bpise. Av\u0161ak v\u0161ichni v\u00edme, \u017ee u n\u00e1s je to trochu jinak a po\u010das\u00ed, kter\u00e9 se v jednotliv\u00fdch ro\u010dn\u00edch obdob\u00edch st\u0159\u00edd\u00e1 moc k dan\u00e9mu obdob\u00ed nesed\u00ed. Je to i glob\u00e1ln\u00edm oteplov\u00e1n\u00edm, to je ten hlavn\u00ed d\u016fvod, pro\u010d se to d\u011bje a pro\u010d nap\u0159\u00edklad v zim\u011b nen\u00ed sn\u00edh. Jednak nejsou sr\u00e1\u017eky, co\u017e sn\u00edh sr\u00e1\u017eka je, jednak na to nen\u00ed dostate\u010dn\u00fd mr\u00e1z, aby sn\u00edh stihnul zmrznout a projevil se n\u00e1m pr\u00e1v\u011b ve form\u011b toho sn\u011bhu. Dost \u010dasto se tedy v zim\u011b setk\u00e1me akor\u00e1t s de\u0161t\u011bm a zima n\u00e1m tak p\u0159ipom\u00edn\u00e1 sp\u00ed\u0161e podzim. V\u0161echna ro\u010dn\u00ed obdob\u00ed sp\u00ed\u0161e p\u0159ipom\u00ednaj\u00ed podzim. I takov\u00e9 l\u00e9to nen\u00ed moc p\u011bkn\u00e9. N\u011bjakou hodn\u011b kr\u00e1tkou dobu sice horko je, ale nen\u00ed to to p\u0159\u00edjemn\u00e9 teplo, je to sp\u00ed\u0161e dusno, pak dojde k bou\u0159ce, proto\u017ee to zp\u016fsob\u00ed dusn\u00e9 a hork\u00e9 po\u010das\u00ed, spl\u00e1chne to d\u00e9\u0161\u0165 a pak je zase to sam\u00e9. Toto ale ve v\u00fdsledku tvo\u0159\u00ed jen mal\u00e9 procento l\u00e9ta, jinak po\u0159\u00e1d pr\u0161\u00ed a po\u010das\u00ed n\u00e1m akor\u00e1t p\u0159ipom\u00edn\u00e1 zase podzim. I takov\u00e9 jaro p\u0159ipom\u00edn\u00e1 podzim, jedin\u00e9 \u0161t\u011bst\u00ed v\u0161ak je to, \u017ee na ja\u0159e kvetou rostliny, takhle jaro pozn\u00e1me. A tak\u00e9 se otepl\u00ed po zim\u011b, kter\u00e1 stejn\u011b zima moc nebyla, tak\u017ee lid\u00e9 si tenisky ani neschov\u00e1vaj\u00ed a nech\u00e1vaj\u00ed si je jako b\u011b\u017enou obuv na zimu.I to m\u00e1lo n\u00e1m sta\u010d\u00ed v zim\u011b na ly\u017eov\u00e1n\u00ed, zkr\u00e1tka kdy\u017e nen\u00ed sn\u00edh, tak se ud\u011bl\u00e1 um\u011bl\u00fd, to je naprosto jednoduch\u00e9 \u0159e\u0161en\u00ed. I tak ale mus\u00ed b\u00fdt n\u011bjak\u00e1 teplota, kter\u00e1 um\u011bl\u00e9mu sn\u011bhu pom\u00e1h\u00e1 vydr\u017eet, jinak je cel\u00fd proces s um\u011bl\u00fdm sn\u011bhem zbyte\u010dn\u00fd. Nav\u0161tivte ale nap\u0159\u00edklad skiare\u00e1l Bukovku a jej\u00ed v\u00fdborn\u00fd bufet skibukovka.cz, kter\u00fd se hodn\u011b hod\u00ed, kdy\u017e je \u010dlov\u011bk vyhl\u00e1dl\u00fd po ly\u017eov\u00e1n\u00ed a pot\u0159ebuje n\u011bco rychl\u00e9ho na zub. Na tomto m\u00edst\u011b toti\u017e m\u016f\u017eete skrze web zjistit aktu\u00e1ln\u00ed situaci na webkame\u0159e a teplotu a podle toho se i rozhodnout, kdy tam zajet. Ale ur\u010dit\u011b vyu\u017eijte situace a vydejte se ly\u017eovat, proto\u017ee ly\u017eov\u00e1n\u00ed je sport, kter\u00fd nem\u016f\u017eete praktikovat jen tak n\u011bkdy!                                                                                                                                                                                                                                                                                                                                                                                          3.8\/5 - (9 votes)        "},{"@context":"https:\/\/schema.org\/","@type":"BreadcrumbList","itemListElement":[{"@type":"ListItem","position":1,"name":"Ly\u017eova\u010dka jak se pat\u0159\u00ed!","item":"https:\/\/www.demus.cz\/lyzovacka-jak-se-patri\/#breadcrumbitem"}]}]