[{"@context":"https:\/\/schema.org\/","@type":"Article","@id":"https:\/\/www.demus.cz\/plavani-me-bavi\/#Article","mainEntityOfPage":"https:\/\/www.demus.cz\/plavani-me-bavi\/","headline":"Plav\u00e1n\u00ed m\u011b bav\u00ed","name":"Plav\u00e1n\u00ed m\u011b bav\u00ed","description":"U\u017e od d\u011btstv\u00ed jsem opravdu moc r\u00e1da sportovala. S d\u011btmi jsme v\u017edycky moc r\u00e1da b\u011bhali po vesnici, kde bylo v\u017edycky opravdu hodn\u011b\u00a0z\u00e1bavy, tak\u017ee jsme se [&hellip;]","datePublished":"2022-03-21","dateModified":"2023-05-03","author":{"@type":"Person","@id":"https:\/\/www.demus.cz\/author\/#Person","name":"","url":"https:\/\/www.demus.cz\/author\/","identifier":1,"image":{"@type":"ImageObject","@id":"https:\/\/secure.gravatar.com\/avatar\/f2ab007ed309e3d84abcf4139c5580b2bc94c721f9294eeb027f25de56e0a35e?s=96&d=mm&r=g","url":"https:\/\/secure.gravatar.com\/avatar\/f2ab007ed309e3d84abcf4139c5580b2bc94c721f9294eeb027f25de56e0a35e?s=96&d=mm&r=g","height":96,"width":96}},"publisher":{"@type":"Organization","name":"demus.cz","logo":{"@type":"ImageObject","@id":"\/logo.png","url":"\/logo.png","width":600,"height":60}},"image":{"@type":"ImageObject","@id":"https:\/\/www.demus.cz\/wp-content\/uploads\/woman-422546_960_720_3.jpg","url":"https:\/\/www.demus.cz\/wp-content\/uploads\/woman-422546_960_720_3.jpg","height":0,"width":0},"url":"https:\/\/www.demus.cz\/plavani-me-bavi\/","about":["Sport"],"wordCount":427,"articleBody":"U\u017e od d\u011btstv\u00ed jsem opravdu moc r\u00e1da sportovala. S d\u011btmi jsme v\u017edycky moc r\u00e1da b\u011bhali po vesnici, kde bylo v\u017edycky opravdu hodn\u011b\u00a0z\u00e1bavy, tak\u017ee jsme se jako mal\u00e9 d\u011bti opravdu\u00a0nikdy\u00a0nenudily\u00a0a\u00a0v\u017edycky\u00a0v\u0161ude\u00a0byla\u00a0velik\u00e1 z\u00e1bava. A to hlavn\u011b plav\u00e1n\u00ed m\u011b pozd\u011bji nejv\u00edce\u00a0bavilo. Zat\u00edm si vzpom\u00edn\u00e1m na to, kdy\u017e jsem chodila do \u0161kolky, kde je moje m\u00e1ma p\u0159ihl\u00e1sila do kurzu plav\u00e1n\u00ed. A ze za\u010d\u00e1tku jsem byla opravdu nad\u0161en\u00e1, proto\u017ee tam \u0161lo v\u00edce jak polovina d\u011bti ze \u0161kolky. \u0158ekla jsem se, \u017ee alespo\u0148 nebudu jedin\u00e1, kdo tam nechod\u00ed. Proto\u017ee u n\u00e1s d\u011bti z na\u0161\u00ed ulice, kde byly \u0159adov\u00e9 domky, tak v\u0161ichni chodily plavat anebo chodily je\u0161t\u011b na aerobik anebo na r\u016fzn\u00e9 d\u011btsk\u00e9 krou\u017eky. J\u00e1 jsem nechodila nikdy nikam, tak\u017ee jsem byla opravdu r\u00e1da, kdy\u017e m\u011b to maminka zaplatila, abych mohla se \u0161kolkou chodit na baz\u00e9n. A \u00fapln\u011b jsem se tam moc t\u011b\u0161ila, ale jen do t\u00e9 doby, ne\u017e jsem se potom musela pot\u00e1p\u011bt. V\u016fbec nev\u00edte, jak jsem se b\u00e1la potopit hlavu, jenom\u017ee jsme m\u011bli zrovna na plav\u00e1n\u00ed, na tento skv\u011bl\u00fd sport, takovou pan\u00ed u\u010ditelku, kter\u00e1 byla opravdu p\u0159\u00edsn\u00e1 a v\u00edce jak p\u016fl d\u011bt\u00ed se j\u00ed skoro b\u00e1lo. A j\u00e1 jsem z n\u00ed m\u011bla velik\u00fd respekt a taky jsem se b\u00e1la. Tak\u017ee jsem se sna\u017eila d\u011blat opravdu v\u0161echno, co mi pan\u00ed u\u010ditelka na\u00a0baz\u00e9nu\u00a0\u0159ekne. Ani nev\u00edte, jak\u00fd jsem m\u011bla strach na baz\u00e9nu se \u0161kolkou na krou\u017eku, na\u00a0kter\u00e9m\u00a0jsem byl asi \u010dty\u0159ikr\u00e1t. Dokud jsem u\u017e rodi\u010d\u016fm ne\u0159ekla, \u017ee u\u017e tam chodit nechci, proto\u017ee se boj\u00edm t\u00e9 pan\u00ed u\u010ditelky na v\u00fdcvik plav\u00e1n\u00ed. Moje maminka si samoz\u0159ejm\u011b st\u011b\u017eovala, proto\u017ee p\u0159eci nesm\u00edm b\u00fdt \u017e\u00e1dn\u00fd u\u010ditel p\u0159\u00edsn\u00fd na d\u011bti, kter\u00e9 je\u0161t\u011b neum\u011bj\u00ed plavat. Nakonec to v\u0161echno dopadlo tak, \u017ee se pan\u00ed u\u010ditelka na plav\u00e1n\u00ed vym\u011bnila, tak\u017ee jsem na plav\u00e1n\u00ed chodila d\u00e1l a opravdu hodn\u011b m\u011b to bav\u00ed. A s pan\u00ed u\u010ditelkou na\u00a0baz\u00e9nu\u00a0jsem se nau\u010dila kone\u010dn\u011b perfektn\u011b plavat, tak\u017ee v\u00edm, \u017ee je v\u00fdm\u011bna pan\u00ed u\u010ditelky na plav\u00e1n\u00ed m\u011bl velk\u00fd smysl.\u00a0                                                                                                                                                                                                                                                                                                                                                                                        3.5\/5 - (4 votes)        "},{"@context":"https:\/\/schema.org\/","@type":"BreadcrumbList","itemListElement":[{"@type":"ListItem","position":1,"name":"Plav\u00e1n\u00ed m\u011b bav\u00ed","item":"https:\/\/www.demus.cz\/plavani-me-bavi\/#breadcrumbitem"}]}]