[{"@context":"https:\/\/schema.org\/","@type":"Article","@id":"https:\/\/www.demus.cz\/pozor-na-auta\/#Article","mainEntityOfPage":"https:\/\/www.demus.cz\/pozor-na-auta\/","headline":"Pozor na auta","name":"Pozor na auta","description":"J\u00e1 si mysl\u00edm, \u017ee v dne\u0161n\u00ed dob\u011b by se \u010dlov\u011bk bez n\u011bjak\u00e9ho automobilu v\u016fbec neobe\u0161el. Proto\u017ee kdybych to vzala z m\u00e9ho hlediska, tak j\u00e1 auto [&hellip;]","datePublished":"2024-01-11","dateModified":"2024-01-11","author":{"@type":"Person","@id":"https:\/\/www.demus.cz\/author\/#Person","name":"","url":"https:\/\/www.demus.cz\/author\/","identifier":1,"image":{"@type":"ImageObject","@id":"https:\/\/secure.gravatar.com\/avatar\/f2ab007ed309e3d84abcf4139c5580b2bc94c721f9294eeb027f25de56e0a35e?s=96&d=mm&r=g","url":"https:\/\/secure.gravatar.com\/avatar\/f2ab007ed309e3d84abcf4139c5580b2bc94c721f9294eeb027f25de56e0a35e?s=96&d=mm&r=g","height":96,"width":96}},"publisher":{"@type":"Organization","name":"demus.cz","logo":{"@type":"ImageObject","@id":"\/logo.png","url":"\/logo.png","width":600,"height":60}},"image":{"@type":"ImageObject","@id":"https:\/\/www.demus.cz\/wp-content\/uploads\/coupe-1374441_1280.jpg","url":"https:\/\/www.demus.cz\/wp-content\/uploads\/coupe-1374441_1280.jpg","height":0,"width":0},"url":"https:\/\/www.demus.cz\/pozor-na-auta\/","about":["Auto"],"wordCount":401,"articleBody":"J\u00e1 si mysl\u00edm, \u017ee v dne\u0161n\u00ed dob\u011b by se \u010dlov\u011bk bez n\u011bjak\u00e9ho automobilu v\u016fbec neobe\u0161el. Proto\u017ee kdybych to vzala z m\u00e9ho hlediska, tak j\u00e1 auto pot\u0159ebuji. J\u00e1 toti\u017e rozv\u00e1\u017e\u00edm bal\u00edky. Rozv\u00e1\u017e\u00edm takov\u00e9 bal\u00edky, kter\u00e9 si lid\u00e9 objednaj\u00ed, pracuj\u00ed pro jednu\u00a0firmu. Moc m\u011b to tam bav\u00ed, proto\u017ee v\u017edycky jsem cht\u011bla \u0159\u00eddit automobil jenom\u017ee n\u011bkdy se mi to v\u016fbec nepoda\u0159ilo. Kdybyste v\u011bd\u011bli, jak m\u011b dlouho trvalo, ne\u017e jsem ud\u011blala \u0159idi\u010dsk\u00e9 opr\u00e1vn\u011bn\u00ed, tak byste se asi sm\u00e1li. Ud\u011blala jsem ho asi na pop\u00e1t\u00e9, myslela jsem si, \u017ee\u00a0tohle je snad \u00fapln\u011b norm\u00e1ln\u00ed. Proto jsem si \u0159ekla, \u017ee nejlep\u0161\u00ed je, kdy\u017e i vy si prvn\u011b po\u0159\u00e1dn\u011b promysl\u00edte, jak si co ud\u011bl\u00e1te.J\u00e1 jsem ze za\u010d\u00e1tku v\u016fbec pr\u00e1v\u011b necht\u011bla \u0159\u00eddit automobil. Necht\u011bla jsem pr\u00e1ci, kde budu rozv\u00e1\u017eet zbo\u017e\u00ed. Ale tohle byla asi n\u00e1hoda, proto\u017ee moje kamar\u00e1dka si ud\u011blala firmu, kde je pr\u00e1v\u011b musela rozv\u00e1\u017eet zbo\u017e\u00ed. A proto\u017ee jsem zrovna byla bez pr\u00e1ce, tak mi kamar\u00e1dka navrhla, \u017ee kdy\u017e m\u00e1m \u0159idi\u010dsk\u00e9 opr\u00e1vn\u011bn\u00ed, jestli bych nemohla rozv\u00e1\u017eet bal\u00edky pro jej\u00ed firmu. \u0158ekla jsem si, \u017ee tohle vlastn\u011b m\u016f\u017eu zkusit. Odej\u00edt, ze zam\u011bstn\u00e1n\u00ed vlastn\u011b m\u016f\u017eu kdykoliv. Nakonec to dopadlo tak, \u017ee se mi v kamar\u00e1d\u010din\u011b firm\u011b opravdu hodn\u011b l\u00edbilo. Tak\u00e9 mus\u00edm \u0159\u00edct, \u017ee jsem tam z\u016fstala tak\u00e9 kv\u016fli platu. Plat byl opravdu hodn\u011b p\u0159\u00edjemn\u00fd. Tak\u017ee jsem potom si mohla tak\u00e9 dovolit n\u011bjakou kr\u00e1snou dovolenou v zahrani\u010d\u00ed. Ale abych se vr\u00e1tila zp\u00e1tky k automobilu? Samoz\u0159ejm\u011b, \u017ee o automobil se tak\u00e9 mus\u00edte dob\u0159e starat. Mus\u00edte se zaj\u00edmat, v jak\u00e9m stavu je v\u00e1\u0161 automobil? Proto\u017ee pokud v\u00e1\u0161 automobil je \u0161patn\u00fd, tak samoz\u0159ejm\u011b s n\u00edm potom nesm\u00edte jezdit po pozemn\u00ed komunikaci. Po silnici mohou jezdit pouze automobily, kter\u00e9 jsou k tomu uzp\u016fsoben\u00e9 a vhodn\u00e9. Kter\u00e9 jsou schopn\u00e9 jezdit po silnici. Vezm\u011bte si, kdybyste m\u011bli rozbit\u00e9 auto.\u00a0Potom m\u011bli hav\u00e1rii. Mysl\u00edm si, \u017ee poji\u0161\u0165ovna by v\u00e1m tohle asi neproplatila. A to hlavn\u011b, pokud byste m\u011bli \u0161patnou technickou kontrolu.\u00a0                                                                                                                                                                                                                                                                                                                                                                                        4.5\/5 - (6 votes)        "},{"@context":"https:\/\/schema.org\/","@type":"BreadcrumbList","itemListElement":[{"@type":"ListItem","position":1,"name":"Pozor na auta","item":"https:\/\/www.demus.cz\/pozor-na-auta\/#breadcrumbitem"}]}]