[{"@context":"https:\/\/schema.org\/","@type":"Article","@id":"https:\/\/www.demus.cz\/proc-se-jiz-tolik-nemluvi-o-ozonove-dire\/#Article","mainEntityOfPage":"https:\/\/www.demus.cz\/proc-se-jiz-tolik-nemluvi-o-ozonove-dire\/","headline":"Pro\u010d se ji\u017e tolik nemluv\u00ed o ozonov\u00e9 d\u00ed\u0159e","name":"Pro\u010d se ji\u017e tolik nemluv\u00ed o ozonov\u00e9 d\u00ed\u0159e","description":"Podobn\u011b jako tomu je dnes s\u00a0glob\u00e1ln\u00edmi zm\u011bnami klimatu, byla v\u00a0devades\u00e1t\u00fdch letech velk\u00fdm t\u00e9matem, co se ekologie t\u00fd\u010de, ozonov\u00e1 d\u00edra. T\u00edmto t\u00e9matem se ozna\u010duje m\u00edsto ve [&hellip;]","datePublished":"2022-03-21","dateModified":"2023-05-03","author":{"@type":"Person","@id":"https:\/\/www.demus.cz\/author\/#Person","name":"","url":"https:\/\/www.demus.cz\/author\/","identifier":1,"image":{"@type":"ImageObject","@id":"https:\/\/secure.gravatar.com\/avatar\/f2ab007ed309e3d84abcf4139c5580b2bc94c721f9294eeb027f25de56e0a35e?s=96&d=mm&r=g","url":"https:\/\/secure.gravatar.com\/avatar\/f2ab007ed309e3d84abcf4139c5580b2bc94c721f9294eeb027f25de56e0a35e?s=96&d=mm&r=g","height":96,"width":96}},"publisher":{"@type":"Organization","name":"demus.cz","logo":{"@type":"ImageObject","@id":"\/logo.png","url":"\/logo.png","width":600,"height":60}},"image":{"@type":"ImageObject","@id":"https:\/\/www.demus.cz\/wp-content\/uploads\/ozondira1.jpg","url":"https:\/\/www.demus.cz\/wp-content\/uploads\/ozondira1.jpg","height":0,"width":0},"url":"https:\/\/www.demus.cz\/proc-se-jiz-tolik-nemluvi-o-ozonove-dire\/","about":["V\u011bda"],"wordCount":416,"articleBody":"Podobn\u011b jako tomu je dnes s\u00a0glob\u00e1ln\u00edmi zm\u011bnami klimatu, byla v\u00a0devades\u00e1t\u00fdch letech velk\u00fdm t\u00e9matem, co se ekologie t\u00fd\u010de, ozonov\u00e1 d\u00edra. T\u00edmto t\u00e9matem se ozna\u010duje m\u00edsto ve stratosf\u00e9\u0159e, kde je koncentrace oz\u00f3nu o 50 \u010di v\u00edce procent ni\u017e\u0161\u00ed, ne\u017e by tomu m\u011blo b\u00fdt.\u00a0Asi nen\u00ed pot\u0159eba \u0159\u00edkat, pro\u010d v\u011bdci bili na poplach. Pr\u00e1v\u011b ozonov\u00e1 vrstva n\u00e1s chr\u00e1n\u00ed p\u0159ed \u0161kodliv\u00fdmi slune\u010dn\u00edmi paprsky. Jej\u00ed oslaben\u00ed by m\u011blo za n\u00e1sledky zejm\u00e9na zv\u00fd\u0161en\u00ed p\u0159\u00edpad\u016f rakoviny k\u016f\u017ee, ale i dal\u0161\u00edch onemocn\u011bn\u00ed a jin\u00fdch efekt\u016f.\u00a0\u00a0Av\u0161ak navzdory tomu, jak \u0161kodliv\u00e1 tato d\u00edra, kter\u00e1 se nach\u00e1zela p\u0159edev\u0161\u00edm nad Arktidou a Antarktidou byla, i kdy\u017e se \u010dasto roz\u0161i\u0159ovala, v\u00a0n\u011bkter\u00fdch p\u0159\u00edpadech dokonce i nad na\u0161i zem, byla, v\u00a0sou\u010dasnosti se o n\u00ed prakticky nemluv\u00ed. Zd\u00e1lo by se, jako by ji kompletn\u011b nahradily glob\u00e1ln\u00ed zm\u011bny klimatu.\u00a0To vyvol\u00e1v\u00e1 v\u00a0mnoha lidech pocit, \u017ee se jednalo pouze o zbyte\u010dn\u00e9 \u0161\u00ed\u0159en\u00ed poplachu, a \u017ee \u017e\u00e1dn\u00e9 nebezpe\u010d\u00ed nikdy nehrozilo, a nehroz\u00ed ani nyn\u00ed, a \u017ee n\u00e1s v\u011bdci zkr\u00e1tka cht\u011bj\u00ed jen stra\u0161it. To je v\u0161ak velmi daleko od pravdy. Co se tedy ve skute\u010dnosti stalo?\u00a0\u00a0Jednodu\u0161e \u0159e\u010deno, poda\u0159ilo se n\u00e1m r\u016fst ozonov\u00e9 d\u00edry zastavit a dokonce i \u010d\u00e1ste\u010dn\u011b zvr\u00e1tit. A poda\u0159ilo se to p\u0159edev\u0161\u00edm d\u00edky r\u016fzn\u00fdm celosv\u011btov\u00fdm dohod\u00e1m, jako byl nap\u0159\u00edklad z\u00e1kaz pou\u017e\u00edv\u00e1n\u00ed freon\u016f, kter\u00e9 se tehdy nach\u00e1zely prakticky v\u0161ude. T\u00edm se sn\u00ed\u017eila koncentrace plyn\u016f, kter\u00e9 na sebe v\u00e1\u017e\u00ed ozon, v\u00a0atmosf\u00e9\u0159e, a ona tolik pot\u0159ebn\u00e1 vrstva se pomalu obnovuje. V\u00a0sou\u010dasnosti tedy nep\u0159edstavuje takov\u00e9 nebezpe\u010d\u00ed.\u00a0Rozhodn\u011b by se tedy vyplatilo, abychom v\u011bdce poslouchali i nyn\u00ed. Glob\u00e1ln\u00ed zm\u011bny klimatu toti\u017e mohou m\u00edt podstatn\u011b v\u00e1\u017en\u011bj\u0161\u00ed n\u00e1sledky, ne\u017e ozonov\u00e9 d\u00edry. A podle v\u0161eho se zd\u00e1, \u017ee doba, kdy v\u0161e m\u016f\u017eeme je\u0161t\u011b zvr\u00e1tit, se kvapem kr\u00e1t\u00ed.\u00a0Bohu\u017eel, nen\u00ed zde ani zdaleka takov\u00e1 politick\u00e1 v\u016fle jednat a p\u0159ij\u00edmat nepopul\u00e1rn\u00ed opat\u0159en\u00ed, jak by bylo pot\u0159eba. A to je n\u011bco, na co m\u016f\u017ee v\u00a0budoucnu tvrd\u011b doplatit ka\u017ed\u00fd z\u00a0n\u00e1s.                                                                                                                                                                                                                                                                                                                                                                                        4\/5 - (4 votes)        "},{"@context":"https:\/\/schema.org\/","@type":"BreadcrumbList","itemListElement":[{"@type":"ListItem","position":1,"name":"Pro\u010d se ji\u017e tolik nemluv\u00ed o ozonov\u00e9 d\u00ed\u0159e","item":"https:\/\/www.demus.cz\/proc-se-jiz-tolik-nemluvi-o-ozonove-dire\/#breadcrumbitem"}]}]