[{"@context":"https:\/\/schema.org\/","@type":"Article","@id":"https:\/\/www.demus.cz\/ucetnictvi-musi-sedet\/#Article","mainEntityOfPage":"https:\/\/www.demus.cz\/ucetnictvi-musi-sedet\/","headline":"\u00da\u010detnictv\u00ed mus\u00ed sed\u011bt","name":"\u00da\u010detnictv\u00ed mus\u00ed sed\u011bt","description":"Jestli se v n\u011b\u010dem skute\u010dn\u011b nevypl\u00e1c\u00ed chybovat, je to firemn\u00ed \u00fa\u010detnictv\u00ed. Proto\u017ee v podnik\u00e1n\u00ed jde o to, aby se dost vyd\u011blalo, a mus\u00ed b\u00fdt p\u0159ehled [&hellip;]","datePublished":"2022-11-30","dateModified":"2023-05-03","author":{"@type":"Person","@id":"https:\/\/www.demus.cz\/author\/#Person","name":"","url":"https:\/\/www.demus.cz\/author\/","identifier":1,"image":{"@type":"ImageObject","@id":"https:\/\/secure.gravatar.com\/avatar\/f2ab007ed309e3d84abcf4139c5580b2bc94c721f9294eeb027f25de56e0a35e?s=96&d=mm&r=g","url":"https:\/\/secure.gravatar.com\/avatar\/f2ab007ed309e3d84abcf4139c5580b2bc94c721f9294eeb027f25de56e0a35e?s=96&d=mm&r=g","height":96,"width":96}},"publisher":{"@type":"Organization","name":"demus.cz","logo":{"@type":"ImageObject","@id":"\/logo.png","url":"\/logo.png","width":600,"height":60}},"image":{"@type":"ImageObject","@id":"https:\/\/www.demus.cz\/wp-content\/uploads\/euro-symbol-2309457_960_720.jpg","url":"https:\/\/www.demus.cz\/wp-content\/uploads\/euro-symbol-2309457_960_720.jpg","height":0,"width":0},"url":"https:\/\/www.demus.cz\/ucetnictvi-musi-sedet\/","about":["Byznys"],"wordCount":424,"articleBody":"   Jestli se v n\u011b\u010dem skute\u010dn\u011b nevypl\u00e1c\u00ed chybovat, je to firemn\u00ed \u00fa\u010detnictv\u00ed. Proto\u017ee v podnik\u00e1n\u00ed jde o to, aby se dost vyd\u011blalo, a mus\u00ed b\u00fdt p\u0159ehled o tom, \u017ee tomu tak doopravdy je, a nav\u00edc se tu plat\u00ed i dan\u011b a r\u016fzn\u00e9 dal\u0161\u00ed odvody a ani v tom se nesm\u00ed chybovat, nechce-li si \u010dlov\u011bk nad\u011blat probl\u00e9my. Co\u017e samoz\u0159ejm\u011b nechce.V podnik\u00e1n\u00ed se tedy mus\u00ed mimo jin\u00e9 i spr\u00e1vn\u011b po\u010d\u00edtat. A nejen po\u010d\u00edtat, ale tak\u00e9 v\u011bd\u011bt, kdy komu kolik odevzdat, aby m\u011bla du\u0161i\u010dka a t\u0159eba tak\u00e9 st\u00e1tn\u00ed kasa \u010di zdravotn\u00ed poji\u0161\u0165ovna klid. A zat\u00edmco si s t\u00edm n\u011bkte\u0159\u00ed podnikatel\u00e9 bez probl\u00e9m\u016f porad\u00ed, je tomu jindy klidn\u011b i naopak. Jsou tu i firmy, jejich\u017e majitel\u00e9 \u010d\u00e1ste\u010dn\u011b nebo tak\u00e9 v\u016fbec nev\u011bd\u00ed, jak na to. Jak vyd\u011blan\u00e9 pen\u00edze p\u0159epo\u010d\u00edtat, jak z nich ode\u010d\u00edst kter\u00e9 v\u00fddaje a z \u010deho pak kdy, jak a v jak\u00e9 v\u00fd\u0161i zaplatit p\u0159edepsan\u00e9 odvody.To nen\u00ed \u017e\u00e1dn\u00fd v\u00fdsm\u011bch podnikatel\u016fm, kte\u0159\u00ed si s t\u00edm nev\u011bd\u00ed rady. Ka\u017ed\u00fd p\u0159ece um\u00edme n\u011bco, a ne ka\u017ed\u00fd je tak specialistou pr\u00e1v\u011b na dan\u011b, soci\u00e1ln\u00ed a zdravotn\u00ed poji\u0161t\u011bn\u00ed a podobn\u011b. Jen\u017ee na tuto skute\u010dnost neberou ti, kdo si berou od firem povinn\u00e9 odvody, ohled. St\u00e1t nebo t\u0159eba zdravotn\u00ed poji\u0161\u0165ovna se nesmiluj\u00ed nad \u017e\u00e1dn\u00fdm podnikatelem jenom proto, \u017ee doty\u010dn\u00fd um\u00ed vyr\u00e1b\u011bt dejme tomu n\u00e1bytek nebo n\u011bco jin\u00e9ho, ale nezn\u00e1 ten \u010di onen da\u0148ov\u00fd \u010di jin\u00fd p\u0159edpis.A kdy\u017e se nad podnikateli v ot\u00e1zce \u00fa\u010detnictv\u00ed nikdo neslituje, mus\u00ed to tito n\u011bjak zvl\u00e1dnout. A pokud to tito nezvl\u00e1daj\u00ed, nab\u00edz\u00ed jim v\u00edce ne\u017e prosp\u011b\u0161nou pomoc p\u0159i veden\u00ed \u00fa\u010detnictv\u00ed Praha 5, kde p\u016fsob\u00ed spolehliv\u00e1 \u00fa\u010detn\u00ed firma nab\u00edzej\u00edc\u00ed sv\u00e9 slu\u017eby v\u0161em firm\u00e1m a podnikatel\u016fm, jim\u017e je toho pot\u0159eba.Takov\u00e1 \u00fa\u010detn\u00ed firma si jenom vezme v\u0161echny pot\u0159ebn\u00e9 podklady a podnikateli to spo\u010d\u00edt\u00e1. A d\u00edky tomu mu to potom nespo\u010d\u00edt\u00e1 st\u00e1t nebo jin\u00fd p\u0159\u00edjemce povinn\u00fdch odvod\u016f. A tak\u00e9 se tato firma postar\u00e1 o to, aby podnikatel\u00e9, kte\u0159\u00ed se sv\u011b\u0159\u00ed do jej\u00edch rukou, v\u017edy v\u0161echno v\u010das odvedli. A aby si tak jednoho dne t\u0159eba neodvedli je. Proto\u017ee chyby se trestaj\u00ed.                                                                                                                                                                                                                                                                                                                                                                                          4\/5 - (5 votes)        "},{"@context":"https:\/\/schema.org\/","@type":"BreadcrumbList","itemListElement":[{"@type":"ListItem","position":1,"name":"\u00da\u010detnictv\u00ed mus\u00ed sed\u011bt","item":"https:\/\/www.demus.cz\/ucetnictvi-musi-sedet\/#breadcrumbitem"}]}]