[{"@context":"https:\/\/schema.org\/","@type":"Article","@id":"https:\/\/www.demus.cz\/udelejte-neco-pro-svou-dilnu-i-vy\/#Article","mainEntityOfPage":"https:\/\/www.demus.cz\/udelejte-neco-pro-svou-dilnu-i-vy\/","headline":"Ud\u011blejte n\u011bco pro svou d\u00edlnu i vy","name":"Ud\u011blejte n\u011bco pro svou d\u00edlnu i vy","description":"D\u00edky tomu, \u017ee m\u00e1me mo\u017enost \u017e\u00edt v modern\u00ed dob\u011b, m\u00e1me k dispozici nejr\u016fzn\u011bj\u0161\u00ed vybaven\u00ed, kter\u00fdm si m\u016f\u017eeme uleh\u010dit na\u0161e podnik\u00e1n\u00ed. P\u0159\u00edkladem toho je n\u00e1\u0159ad\u00ed, kter\u00e9 [&hellip;]","datePublished":"2023-10-05","dateModified":"2023-10-05","author":{"@type":"Person","@id":"https:\/\/www.demus.cz\/author\/#Person","name":"","url":"https:\/\/www.demus.cz\/author\/","identifier":1,"image":{"@type":"ImageObject","@id":"https:\/\/secure.gravatar.com\/avatar\/f2ab007ed309e3d84abcf4139c5580b2bc94c721f9294eeb027f25de56e0a35e?s=96&d=mm&r=g","url":"https:\/\/secure.gravatar.com\/avatar\/f2ab007ed309e3d84abcf4139c5580b2bc94c721f9294eeb027f25de56e0a35e?s=96&d=mm&r=g","height":96,"width":96}},"publisher":{"@type":"Organization","name":"demus.cz","logo":{"@type":"ImageObject","@id":"\/logo.png","url":"\/logo.png","width":600,"height":60}},"url":"https:\/\/www.demus.cz\/udelejte-neco-pro-svou-dilnu-i-vy\/","wordCount":236,"articleBody":"D\u00edky tomu, \u017ee m\u00e1me mo\u017enost \u017e\u00edt v modern\u00ed dob\u011b, m\u00e1me k dispozici nejr\u016fzn\u011bj\u0161\u00ed vybaven\u00ed, kter\u00fdm si m\u016f\u017eeme uleh\u010dit na\u0161e podnik\u00e1n\u00ed. P\u0159\u00edkladem toho je n\u00e1\u0159ad\u00ed, kter\u00e9 nesm\u00ed chyb\u011bt v \u017e\u00e1dn\u00e9 d\u00edln\u011b. Jestli\u017ee i vy ke sv\u00fdm \u010dinnostem pou\u017e\u00edv\u00e1te n\u011bjak\u00e9 n\u00e1\u010din\u00ed, a to a\u0165 u\u017e elektrick\u00e9, anebo klasick\u00e9 ru\u010dn\u00ed, pak si byste m\u011bli v\u011bd\u011bt, kde m\u016f\u017eete nakoupit dal\u0161\u00ed, a to ve vysok\u00e9 kvalit\u011b a za n\u00edzk\u00e9 ceny. To nejlep\u0161\u00ed, co si m\u016f\u017eete dop\u0159\u00e1t, je modern\u00ed n\u00e1\u0159ad\u00ed Bosch, kter\u00e9 je proslul\u00e9 p\u0159edev\u0161\u00edm svou kvalitou. Ka\u017ed\u00fd, kdo zainvestuje do tohoto vybaven\u00ed, bude nadev\u0161e spokojen.\tNebojte se v\u011bt\u0161\u00ed investice ani vyN\u011bkomu mohou p\u0159ij\u00edt ceny za toto vybaven\u00ed pom\u011brn\u011b vysok\u00e9, av\u0161ak opak je pravdou. M\u011bli byste v\u011bd\u011bt, \u017ee co se t\u00fd\u010de modern\u00edch prost\u0159edk\u016f pro v\u0161echny kutily, je zna\u010dka Bosch ta nejlep\u0161\u00ed, co m\u016f\u017eete m\u00edt. Dbejte tedy na to, aby vybaven\u00ed, se kter\u00fdm budete pracovat, bylo skute\u010dn\u011b precizn\u011b zpracovan\u00e9 a vy tak nem\u011bli sebemen\u0161\u00ed probl\u00e9m dos\u00e1hnout s n\u00edm p\u0159esn\u011b toho, co si p\u0159ejete. Uvid\u00edte, \u017ee se v\u00e1m v\u00fdb\u011br v modern\u00ed nab\u00eddce kvalitn\u00edho vybaven\u00ed velmi zal\u00edb\u00ed.                                                                                                                                                                                                                                                                                                                                                                                        4.2\/5 - (4 votes)        "},{"@context":"https:\/\/schema.org\/","@type":"BreadcrumbList","itemListElement":[{"@type":"ListItem","position":1,"name":"Ud\u011blejte n\u011bco pro svou d\u00edlnu i vy","item":"https:\/\/www.demus.cz\/udelejte-neco-pro-svou-dilnu-i-vy\/#breadcrumbitem"}]}]