[{"@context":"https:\/\/schema.org\/","@type":"Article","@id":"https:\/\/www.demus.cz\/vymodlene-dite\/#Article","mainEntityOfPage":"https:\/\/www.demus.cz\/vymodlene-dite\/","headline":"Vymodlen\u00e9 d\u00edt\u011b","name":"Vymodlen\u00e9 d\u00edt\u011b","description":"Pamatuji si, jak moje sestra st\u00e1le bre\u010dela kv\u016fli tomu, \u017ee nemohla m\u00edt d\u011bti. A skoro dva roky se sna\u017eila se sv\u00fdm p\u0159\u00edtelem m\u00edt d\u00edt\u011b, ale [&hellip;]","datePublished":"2022-06-25","dateModified":"2023-05-03","author":{"@type":"Person","@id":"https:\/\/www.demus.cz\/author\/#Person","name":"","url":"https:\/\/www.demus.cz\/author\/","identifier":1,"image":{"@type":"ImageObject","@id":"https:\/\/secure.gravatar.com\/avatar\/f2ab007ed309e3d84abcf4139c5580b2bc94c721f9294eeb027f25de56e0a35e?s=96&d=mm&r=g","url":"https:\/\/secure.gravatar.com\/avatar\/f2ab007ed309e3d84abcf4139c5580b2bc94c721f9294eeb027f25de56e0a35e?s=96&d=mm&r=g","height":96,"width":96}},"publisher":{"@type":"Organization","name":"demus.cz","logo":{"@type":"ImageObject","@id":"\/logo.png","url":"\/logo.png","width":600,"height":60}},"image":{"@type":"ImageObject","@id":"https:\/\/www.demus.cz\/wp-content\/uploads\/pregnant-775036_960_720_2.jpg","url":"https:\/\/www.demus.cz\/wp-content\/uploads\/pregnant-775036_960_720_2.jpg","height":0,"width":0},"url":"https:\/\/www.demus.cz\/vymodlene-dite\/","about":["D\u011bti"],"wordCount":460,"articleBody":"Pamatuji si, jak moje sestra st\u00e1le bre\u010dela kv\u016fli tomu, \u017ee nemohla m\u00edt d\u011bti. A skoro dva roky se sna\u017eila se sv\u00fdm p\u0159\u00edtelem m\u00edt d\u00edt\u011b, ale v\u016fbec se jim to neda\u0159ilo. Proto jsem jim \u0159ekla, k nav\u0161t\u00edv\u00ed n\u011bjak\u00e9ho l\u00e9ka\u0159e, kter\u00fd m\u016f\u017ee taky pomoct. A dozv\u00ed se taky r\u016fzn\u00e9 informace o tom, pro\u010d jim nejde m\u00edt d\u00edt\u011b. Jsou u\u017e r\u016fzn\u00e9 zp\u016fsoby, pro\u010d to tak nejde a taky se hlavn\u011b\u00a0u l\u00e9ka\u0159e zjist\u00ed ten prav\u00fd\u00a0d\u016fvod, pro\u010d sestra nem\u016f\u017ee norm\u00e1ln\u011b\u00a0ot\u011bhotn\u011bt. Dokonce jsem sly\u0161ela, \u017ee p\u0159\u00edroda to m\u00e1m za\u0159\u00edzen\u00e9 tak, \u017ee kdy\u017e se n\u011bkte\u0159\u00ed dva lid\u00e9 k sob\u011b\u00a0chromozom\u00e1ln\u011b\u00a0nehod\u00ed, tak jim prost\u011b d\u00edt\u011b ud\u011blat spolu nejde. A m\u00e1te to za sci-fi? Mn\u011b se to taky tak zd\u00e1lo jako sci-fi. \u00a0\u00a0A za\u010d\u00e1tku mi to tak\u00a0p\u0159i\u0161lo a nev\u011bd\u011bla jsem, co si o tom m\u00e1m myslet. Potom jsem sedla k po\u010d\u00edta\u010di a zjistila jsem si n\u011bjak\u00e9 informace o tom, jestli je to pravda. A sv\u011bte div se, pravda to byla. Opravdu mi p\u0159i\u0161lo hodn\u011b zvl\u00e1\u0161tn\u00ed, \u017ee p\u0159\u00edroda to tak m\u00e1 za\u0159\u00edzen\u00e9, \u017ee kdy\u017e se dva lid\u00e9 k sob\u011b v\u016fbec nehod\u00ed, tak aby jim ne\u0161lo ud\u011blat d\u00edt\u011b. Tady jde\u00a0vid\u011bt, \u017ee p\u0159\u00edroda\u00a0je mocn\u00e1 \u010darod\u011bjka. A je to docela zaj\u00edmav\u00e9, ale taky takov\u00e9 zvl\u00e1\u0161tn\u00ed, tedy alespo\u0148\u00a0pro m\u011b. Proto\u017ee jsem si \u0159ekla, \u017ee p\u0159\u00edroda je mocn\u00e1 a \u017ee sama v\u00ed, co je pro \u010dlov\u011bka d\u016fle\u017eit\u00e9 a co nen\u00ed. Nicm\u00e9n\u011b moje sestra se nenechala odradit. A \u0161la na l\u00e9ka\u0159sk\u00e9 vy\u0161et\u0159en\u00ed. Oba dva byli zdrav\u00ed.\u00a0\u00a0Tak\u017ee si mysl\u00edm, \u017ee za to mohla p\u0159\u00edroda? V\u016fbec si nechci nic dom\u00fd\u0161let, ale rad\u011bji\u00a0jsem to sest\u0159e ani ne\u0159ekla. Na\u0161t\u011bst\u00ed ale stal se z\u00e1zrak a sestra do p\u016fl roku ot\u011bhotn\u011bla. A to se stejn\u00fdm p\u0159\u00edtelem,\u00a0jak\u00e9ho m\u011bla. Mysl\u00edm si, \u017ee asi m\u011bli oba n\u011bjak\u00e9 \u0161patn\u00e9 obdob\u00ed, kdy jim prost\u011b ot\u011bhotn\u011bt ne\u0161lo. Ale sestra mi \u0159ekla, \u017ee d\u011bti jsou smyslem jej\u00edho \u017eivota, a to je opravdu chv\u00e1lyhodn\u00e9. Jsem moc\u00a0r\u00e1da, \u017ee se sest\u0159e nakonec poda\u0159ilo\u00a0ot\u011bhotn\u011bt. Nakonec v\u0161echno opravdu dob\u0159e dopadlo a\u00a0sestra m\u00e1 kr\u00e1snou, a\u00a0hlavn\u011b\u00a0zdravou dceru. V\u00edte, kdy\u017e jsme vid\u011bla to mil\u00e9 d\u00edt\u011b, tak\u00a0jsem\u00a0taky zatou\u017eila po d\u00edt\u011bti. Jsou \u00fa\u017easn\u00e9!                                                                                                                                                                                                                                                                                                                                                                                        4.6\/5 - (7 votes)        "},{"@context":"https:\/\/schema.org\/","@type":"BreadcrumbList","itemListElement":[{"@type":"ListItem","position":1,"name":"Vymodlen\u00e9 d\u00edt\u011b","item":"https:\/\/www.demus.cz\/vymodlene-dite\/#breadcrumbitem"}]}]