[{"@context":"https:\/\/schema.org\/","@type":"Article","@id":"https:\/\/www.demus.cz\/vytvorte-si-sami\/#Article","mainEntityOfPage":"https:\/\/www.demus.cz\/vytvorte-si-sami\/","headline":"Vytvo\u0159te si sami","name":"Vytvo\u0159te si sami","description":"M\u00e1te r\u00e1di, kdy\u017e se m\u00e1te mo\u017enost pod\u00edlet na vzniku v\u011bc\u00ed, kter\u00e9 u\u017e\u00edv\u00e1te? M\u00e1te r\u00e1di, kdy\u017e m\u016f\u017eete mluvit do toho, jak bude provedeno za\u0159\u00edzen\u00ed Va\u0161eho interi\u00e9ru [&hellip;]","datePublished":"2023-06-16","dateModified":"2024-06-19","author":{"@type":"Person","@id":"https:\/\/www.demus.cz\/author\/#Person","name":"","url":"https:\/\/www.demus.cz\/author\/","identifier":1,"image":{"@type":"ImageObject","@id":"https:\/\/secure.gravatar.com\/avatar\/f2ab007ed309e3d84abcf4139c5580b2bc94c721f9294eeb027f25de56e0a35e?s=96&d=mm&r=g","url":"https:\/\/secure.gravatar.com\/avatar\/f2ab007ed309e3d84abcf4139c5580b2bc94c721f9294eeb027f25de56e0a35e?s=96&d=mm&r=g","height":96,"width":96}},"publisher":{"@type":"Organization","name":"demus.cz","logo":{"@type":"ImageObject","@id":"\/logo.png","url":"\/logo.png","width":600,"height":60}},"url":"https:\/\/www.demus.cz\/vytvorte-si-sami\/","wordCount":235,"articleBody":"M\u00e1te r\u00e1di, kdy\u017e se m\u00e1te mo\u017enost pod\u00edlet na vzniku v\u011bc\u00ed, kter\u00e9 u\u017e\u00edv\u00e1te? M\u00e1te r\u00e1di, kdy\u017e m\u016f\u017eete mluvit do toho, jak bude provedeno za\u0159\u00edzen\u00ed Va\u0161eho interi\u00e9ru a plat\u00ed to o Va\u0161em domov\u011b i kancel\u00e1\u0159i? Nechcete jen pasivn\u011b vyu\u017e\u00edvat mo\u017enost\u00ed ji\u017e hotov\u00fdch produkt\u016f rozli\u010dn\u00fdch firem? Chcete rozhodnout o velikosti, tvaru a barv\u011b dopl\u0148k\u016f? Chcete si t\u0159eba navrhnout sv\u016fj origin\u00e1ln\u00ed motiv? Pak pr\u00e1v\u011b pro V\u00e1s nab\u00edz\u00ed \u0161irok\u00e9 pole p\u016fsobnosti dekorativn\u00ed samolepky na ze\u010f, takov\u00e9, kter\u00e9 si nech\u00e1te zhotovit v na\u0161em grafick\u00e9m studiu.Ale jak to ud\u011blat?Je to velmi jednoduch\u00e9. M\u016f\u017eete si vybrat n\u011bkter\u00fd z na\u0161ich p\u0159ipraven\u00fdch motiv\u016f, nebojte se ov\u0161em f\u00e1dn\u00edch a nen\u00e1padit\u00fdch tvar\u016f, v\u011bzte, \u017ee u n\u00e1s je z \u010deho vyb\u00edrat. Co t\u0159eba exotika v podob\u011b africk\u00e9ho slona, d\u011btsk\u00fd pokoj s n\u011b\u017enou dekorac\u00ed v podob\u011b st\u00ednov\u00fdch zv\u00ed\u0159\u00e1tek \u010di t\u0159eba 3D motiv, kter\u00fd V\u00e1s nenech\u00e1 v klidu? U v\u0161ech na\u0161ich n\u00e1vrh\u016f si m\u016f\u017eete sami zvolit velikost, barvu a sm\u011br proveden\u00ed. A pokud m\u00e1te dokonce sv\u016fj vlastn\u00ed origin\u00e1ln\u00ed n\u00e1pad? Pak nev\u00e1hejte a zadejte n\u00e1m jeho proveden\u00ed. V\u00e1\u0161 pokoj bude \u00fa\u017easn\u00fd.                                                                                                                                                                                                                                                                                                                                                                                        3.5\/5 - (8 votes)        "},{"@context":"https:\/\/schema.org\/","@type":"BreadcrumbList","itemListElement":[{"@type":"ListItem","position":1,"name":"Vytvo\u0159te si sami","item":"https:\/\/www.demus.cz\/vytvorte-si-sami\/#breadcrumbitem"}]}]